[{"@context":"https:\/\/schema.org\/","@type":"Article","@id":"https:\/\/www.ajsa.cz\/bavime-se-o-vikendu\/#Article","mainEntityOfPage":"https:\/\/www.ajsa.cz\/bavime-se-o-vikendu\/","headline":"Bav\u00edme se o v\u00edkendu","name":"Bav\u00edme se o v\u00edkendu","description":"V\u017edy v p\u00e1tek v pr\u00e1ci se u\u017e ka\u017ed\u00fd t\u011b\u0161\u00ed na dva dny volna a ka\u017ed\u00fd u\u017e m\u00e1 pl\u00e1n, jak je bude tr\u00e1vit. N\u011bkdo si bude doma \u010d\u00edst a ve\u010der si zajde na koncert v\u00e1\u017en\u00e9 hudby. Chopin a Vivaldi, to bude z\u00e1\u017eitek. A u\u017e se na to t\u011b\u0161\u00ed a u\u017e aby to bylo. Ten druh\u00fd se [&hellip;]","datePublished":"2024-08-24","dateModified":"2024-08-24","author":{"@type":"Person","@id":"https:\/\/www.ajsa.cz\/author\/#Person","name":"","url":"https:\/\/www.ajsa.cz\/author\/","identifier":1,"image":{"@type":"ImageObject","@id":"https:\/\/secure.gravatar.com\/avatar\/4faace62981be50719be6a25151192978e6d585737a520836dcb98934de3bb45?s=96&d=mm&r=g","url":"https:\/\/secure.gravatar.com\/avatar\/4faace62981be50719be6a25151192978e6d585737a520836dcb98934de3bb45?s=96&d=mm&r=g","height":96,"width":96}},"publisher":{"@type":"Organization","name":"ajsa.cz","logo":{"@type":"ImageObject","@id":"\/logo.png","url":"\/logo.png","width":600,"height":60}},"image":{"@type":"ImageObject","@id":"https:\/\/www.ajsa.cz\/wp-content\/uploads\/mountaineers-5649828_640_6.jpg","url":"https:\/\/www.ajsa.cz\/wp-content\/uploads\/mountaineers-5649828_640_6.jpg","height":0,"width":0},"url":"https:\/\/www.ajsa.cz\/bavime-se-o-vikendu\/","about":["Z\u00e1bava\r"],"wordCount":439,"articleBody":"V\u017edy v p\u00e1tek v pr\u00e1ci se u\u017e ka\u017ed\u00fd t\u011b\u0161\u00ed na dva dny volna a ka\u017ed\u00fd u\u017e m\u00e1 pl\u00e1n, jak je bude tr\u00e1vit. N\u011bkdo si bude doma \u010d\u00edst a ve\u010der si zajde na koncert v\u00e1\u017en\u00e9 hudby. Chopin a Vivaldi, to bude z\u00e1\u017eitek. A u\u017e se na to t\u011b\u0161\u00ed a u\u017e aby to bylo. Ten druh\u00fd se t\u011b\u0161\u00ed tak\u00e9. Ale on nep\u016fjde mezi knihy, ani na koncert, proto\u017ee nerozezn\u00e1 Vivaldiho od je\u0159\u00e1bu, a proto vyraz\u00ed do hor, kde se pokus\u00ed vy\u0161plhat tam, kam u\u017e vylezlo stovky lid\u00ed p\u0159ed n\u00edm. Ale on je\u0161t\u011b ne. Tak\u017ee tu m\u00e1me dva lidi, dvou r\u016fzn\u00fdch z\u00e1jm\u016f a ka\u017ed\u00fd z nich si mysl\u00ed, \u017ee si to u\u017eije nejl\u00e9pe ze v\u0161ech. O \u010dem\u017e v\u0161ak pochybuje ten t\u0159et\u00ed, proto\u017ee ten bude na zahr\u00e1dce okop\u00e1vat z\u00e1hony a je t\u0159eba p\u0159ipravit ter\u00e9n na polo\u017een\u00ed nov\u00e9ho chodn\u00edku, tak\u017ee se mus\u00ed natahat kachl\u00edky k chajd\u011b.Kruci to bude d\u0159ina. Ale v\u011b\u0159te nebo ne, i on se t\u011b\u0161\u00ed. A jak to m\u00e1te vy? Pravd\u011bpodobn\u011b bude asi zcela mimo tematickou skupinu, proto\u017ee hodl\u00e1te zapadnout n\u011bkam do baru a ve\u010der vyrazit na n\u011bjakou tu tancova\u010dku. Nu a kdy\u017e se to m\u00e1 tak, tak se p\u0159i tom m\u016f\u017eete \u00fa\u017easn\u00fdm zp\u016fsobem zrychtovat alkoholem a marj\u00e1nou. \u00a0Schv\u00e1ln\u011b si vyberte, do kter\u00e9 skupiny byste zapadli nejrad\u011bji.Kdy\u017e se nad t\u00edm zamysl\u00ed n\u011bkdo star\u0161\u00ed, tak si asi povzdechne. P\u0159ed \u010dty\u0159iceti lety by volil skupinu prvn\u00ed, hory. P\u0159ed dvaceti asi tu t\u0159et\u00ed, bar nebo hospoda a nyn\u00ed by byl r\u00e1d, kdyby se dobelhal alespo\u0148 do koncertn\u00ed s\u00edn\u011b, Jo v\u011bk je potvora. Ten se zastavit ned\u00e1. \u017densk\u00e9 to mohou o\u0161idit malov\u00e1n\u00edm, chlapi \u010d\u00e1ste\u010dn\u011b cvi\u010den\u00edm, ale v\u011bk z\u016fstane stejn\u00fd. Z\u00e1bava se pak vyb\u00edr\u00e1 tak\u00e9 podle n\u011bj. D\u016fchodci si tak jen r\u00e1di zahraj\u00ed rusk\u00e9 ku\u017eelky, a to velmi opatrn\u011b a mlad\u00ed si vy\u0161l\u00e1pnou na Sn\u011b\u017eku p\u011bkn\u011b p\u011b\u0161ky a dvakr\u00e1t. Nenech\u00e1vejte v\u011bk, aby s v\u00e1mi vl\u00e1\u010del a zkuste mu poru\u010dit. I v \u0161edes\u00e1ti si m\u016f\u017eete ud\u011blat hezk\u00fd p\u011b\u0161\u00ed v\u00fdlet. U\u017e to asi nebude dvacet kilometr\u016f, ale ono i t\u011bch p\u011bt m\u016f\u017ee b\u00fdt hezk\u00fdch. Tak si obujte boty a vyrazte n\u011bkam do les\u016f. \u00a0                                                                                                                                                                                                                                                                                                                                                                                        4.1\/5 - (12 votes)        "},{"@context":"https:\/\/schema.org\/","@type":"BreadcrumbList","itemListElement":[{"@type":"ListItem","position":1,"name":"Bav\u00edme se o v\u00edkendu","item":"https:\/\/www.ajsa.cz\/bavime-se-o-vikendu\/#breadcrumbitem"}]}]