[{"@context":"https:\/\/schema.org\/","@type":"Article","@id":"https:\/\/www.ajsa.cz\/co-je-to-kulturni-dedictvi\/#Article","mainEntityOfPage":"https:\/\/www.ajsa.cz\/co-je-to-kulturni-dedictvi\/","headline":"Co je to kulturn\u00ed d\u011bdictv\u00ed","name":"Co je to kulturn\u00ed d\u011bdictv\u00ed","description":"Term\u00edn kulturn\u00ed d\u011bdictv\u00ed sly\u0161el asi ka\u017ed\u00fd z\u00a0n\u00e1s. Obvykle si pod t\u00edm p\u0159edstavujeme n\u011bjakou v\u011bc, a\u0165 u\u017e je to p\u0159edm\u011bt \u010di stavba, kter\u00e1 m\u00e1 n\u011bjak\u00fd velk\u00fd historick\u00fd v\u00fdznam. Tak tomu ale nemus\u00ed b\u00fdt v\u017edy. Cel\u00e1 situace je toti\u017e pon\u011bkud slo\u017eit\u011bj\u0161\u00ed, ne\u017e bychom si mohli myslet.\u00a0V\u00a0prvn\u00ed \u0159ad\u011b je vhodn\u00e9 v\u011bd\u011bt, \u017ee se rozd\u011bluje na n\u00e1rodn\u00ed a sv\u011btov\u00e9 [&hellip;]","datePublished":"2023-12-31","dateModified":"2023-12-31","author":{"@type":"Person","@id":"https:\/\/www.ajsa.cz\/author\/#Person","name":"","url":"https:\/\/www.ajsa.cz\/author\/","identifier":1,"image":{"@type":"ImageObject","@id":"https:\/\/secure.gravatar.com\/avatar\/4faace62981be50719be6a25151192978e6d585737a520836dcb98934de3bb45?s=96&d=mm&r=g","url":"https:\/\/secure.gravatar.com\/avatar\/4faace62981be50719be6a25151192978e6d585737a520836dcb98934de3bb45?s=96&d=mm&r=g","height":96,"width":96}},"publisher":{"@type":"Organization","name":"ajsa.cz","logo":{"@type":"ImageObject","@id":"\/logo.png","url":"\/logo.png","width":600,"height":60}},"image":{"@type":"ImageObject","@id":"https:\/\/www.ajsa.cz\/wp-content\/uploads\/kultura5_6.jpg","url":"https:\/\/www.ajsa.cz\/wp-content\/uploads\/kultura5_6.jpg","height":0,"width":0},"url":"https:\/\/www.ajsa.cz\/co-je-to-kulturni-dedictvi\/","about":["Kultura"],"wordCount":422,"articleBody":"Term\u00edn kulturn\u00ed d\u011bdictv\u00ed sly\u0161el asi ka\u017ed\u00fd z\u00a0n\u00e1s. Obvykle si pod t\u00edm p\u0159edstavujeme n\u011bjakou v\u011bc, a\u0165 u\u017e je to p\u0159edm\u011bt \u010di stavba, kter\u00e1 m\u00e1 n\u011bjak\u00fd velk\u00fd historick\u00fd v\u00fdznam. Tak tomu ale nemus\u00ed b\u00fdt v\u017edy. Cel\u00e1 situace je toti\u017e pon\u011bkud slo\u017eit\u011bj\u0161\u00ed, ne\u017e bychom si mohli myslet.\u00a0V\u00a0prvn\u00ed \u0159ad\u011b je vhodn\u00e9 v\u011bd\u011bt, \u017ee se rozd\u011bluje na n\u00e1rodn\u00ed a sv\u011btov\u00e9 kulturn\u00ed d\u011bdictv\u00ed. To prvn\u00ed odkazuje k\u00a0historii dan\u00e9ho n\u00e1roda, a m\u00e1 v\u00fdznam pr\u00e1v\u011b pro n\u011bj. P\u0159\u00edkladem m\u016f\u017ee b\u00fdt t\u0159eba stavba, kter\u00e1 byla sou\u010d\u00e1st\u00ed n\u011bjak\u00e9 historick\u00e9 ud\u00e1losti n\u011bjak\u00e9 zem\u011b, p\u0159\u00edpadn\u011b v\u00a0n\u00ed hr\u00e1la \u00falohu, nebo byla postavena sv\u011btov\u011b zn\u00e1m\u00fdm architektem, kter\u00fd se v\u00a0dan\u00e9 zemi narodil a p\u016fsobil.\u00a0\u00a0Sem pat\u0159\u00ed nap\u0159\u00edklad Karl\u016fv most, pro svou jedine\u010dnou architekturu a tak\u00e9 spojen\u00ed s\u00a0na\u0161\u00ed histori\u00ed.\u00a0To sv\u011btov\u00e9 zahrnuje v\u011bci, kter\u00e9 m\u011bly velk\u00fd vliv na d\u011bjiny lidstva jako celku, nikoliv pouze na jeden jedin\u00fd n\u00e1rod, p\u0159\u00edpadn\u011b kter\u00e9 jsou celosv\u011btov\u011b v\u00fdjime\u010dn\u00e9. Proto zde najdeme t\u0159eba pyramidy v\u00a0Gize, by\u0165 bychom je tipovali jako kulturn\u00ed d\u011bdictv\u00ed Egypta.\u00a0Ov\u0161em nejen stavby a architektura sem pat\u0159\u00ed. Sou\u010d\u00e1st\u00ed jsou i jedine\u010dn\u00e9 p\u0159\u00edrodn\u00ed formace \u010di \u00fakazy, archeologick\u00e1 nalezi\u0161t\u011b a vz\u00e1cn\u00e9 p\u0159\u00edrodn\u00ed fenom\u00e9ny. Ty v\u0161ak sp\u00ed\u0161e pat\u0159\u00ed do n\u00e1rodn\u00edho fondu, a pomohou uk\u00e1zat jedine\u010dnost ka\u017ed\u00e9 jednotliv\u00e9 zem\u011b.Pro\u010d jsou ale tak d\u016fle\u017eit\u00e9? P\u0159eci jen, pro \u017eivot je nepot\u0159ebujeme a nijak z\u00a0nich nebenefitujeme. Mnohdy tak\u00e9 brzd\u00ed pr\u00e1ci modernizaci \u010di komplikuj\u00ed dopravu. Z\u00a0jak\u00e9ho d\u016fvodu jsou tedy pova\u017eov\u00e1ny za tak d\u016fle\u017eit\u00e9, \u017ee mus\u00ed b\u00fdt mezin\u00e1rodn\u011b chr\u00e1n\u011bny?\u00a0\u00a0D\u016fvod je pom\u011brn\u011b jednoduch\u00fd: jsou \u017eivouc\u00ed p\u0159ipom\u00ednkou historie. P\u0159ipom\u00ednaj\u00ed n\u00e1m, \u010deho na\u0161i p\u0159edkov\u00e9 dok\u00e1zali a \u010deho jsme schopni. Zaji\u0161\u0165uj\u00ed tak\u00e9, abychom neopakovali stejn\u00e9 chyby, kter\u00fdch se lid\u00e9 dopustili v\u00a0minulosti. Jist\u011b, ne v\u017edy to funguje, av\u0161ak rozhodn\u011b plat\u00ed, \u017ee to ud\u011bl\u00e1 v\u00edce dobra, ne\u017e bychom si mohli myslet.\u00a0Proto bychom je nem\u011bli zatracovat, n\u00fdbr\u017e se o nich u\u010dit. Dozv\u00edme se toti\u017e p\u0159itom mnoho zaj\u00edmav\u00fdch v\u011bc\u00ed, o kter\u00fdch jsme p\u0159edt\u00edm nem\u011bli ani tu\u0161en\u00ed.                                                                                                                                                                                                                                                                                                                                                                                        4.7\/5 - (3 votes)        "},{"@context":"https:\/\/schema.org\/","@type":"BreadcrumbList","itemListElement":[{"@type":"ListItem","position":1,"name":"Co je to kulturn\u00ed d\u011bdictv\u00ed","item":"https:\/\/www.ajsa.cz\/co-je-to-kulturni-dedictvi\/#breadcrumbitem"}]}]