[{"@context":"https:\/\/schema.org\/","@type":"Article","@id":"https:\/\/www.ajsa.cz\/emisni-limity-pro-zazehove-i-vznetove-motory-jsou-velmi-prisne\/#Article","mainEntityOfPage":"https:\/\/www.ajsa.cz\/emisni-limity-pro-zazehove-i-vznetove-motory-jsou-velmi-prisne\/","headline":"Emisn\u00ed limity pro z\u00e1\u017eehov\u00e9 i vzn\u011btov\u00e9 motory jsou velmi p\u0159\u00edsn\u00e9","name":"Emisn\u00ed limity pro z\u00e1\u017eehov\u00e9 i vzn\u011btov\u00e9 motory jsou velmi p\u0159\u00edsn\u00e9","description":"&#13; Dne\u0161n\u00ed vozy na benz\u00ednov\u00fd pohon jsou vybaveny pochopiteln\u011b nejmodern\u011bj\u0161\u00ed technologi\u00ed. Ta umo\u017e\u0148uje mimo\u0159\u00e1dnou \u00fasporu paliva, co\u017e je d\u00e1no p\u0159\u00edm\u00fdm vst\u0159ikov\u00e1n\u00edm pod velk\u00fdm tlakem. Ov\u0161em takov\u00e9 motory paradoxn\u011b zat\u011b\u017euj\u00ed \u017eivotn\u00ed prost\u0159ed\u00ed dokonce v\u00edc, ne\u017e ty \u201eproklat\u00e9 diesely\u201c. Modern\u00ed vysokotlak\u00e1 vst\u0159ikovac\u00ed \u010derpadla u\u0161et\u0159\u00ed a\u017e 15% paliva, \u010d\u00edm\u017e se samoz\u0159ejm\u011b sn\u00ed\u017e\u00ed emise oxidu uhli\u010dit\u00e9ho a politiky stanoven\u00e1 [&hellip;]","datePublished":"2020-09-14","dateModified":"2023-05-07","author":{"@type":"Person","@id":"https:\/\/www.ajsa.cz\/author\/#Person","name":"","url":"https:\/\/www.ajsa.cz\/author\/","identifier":1,"image":{"@type":"ImageObject","@id":"https:\/\/secure.gravatar.com\/avatar\/4faace62981be50719be6a25151192978e6d585737a520836dcb98934de3bb45?s=96&d=mm&r=g","url":"https:\/\/secure.gravatar.com\/avatar\/4faace62981be50719be6a25151192978e6d585737a520836dcb98934de3bb45?s=96&d=mm&r=g","height":96,"width":96}},"publisher":{"@type":"Organization","name":"ajsa.cz","logo":{"@type":"ImageObject","@id":"\/logo.png","url":"\/logo.png","width":600,"height":60}},"image":{"@type":"ImageObject","@id":"https:\/\/www.ajsa.cz\/wp-content\/uploads\/img_a308320_w2175_t1519419015.jpg","url":"https:\/\/www.ajsa.cz\/wp-content\/uploads\/img_a308320_w2175_t1519419015.jpg","height":0,"width":0},"url":"https:\/\/www.ajsa.cz\/emisni-limity-pro-zazehove-i-vznetove-motory-jsou-velmi-prisne\/","about":["Slu\u017eby"],"wordCount":399,"articleBody":"&#13; Dne\u0161n\u00ed vozy na benz\u00ednov\u00fd pohon jsou vybaveny pochopiteln\u011b nejmodern\u011bj\u0161\u00ed technologi\u00ed. Ta umo\u017e\u0148uje mimo\u0159\u00e1dnou \u00fasporu paliva, co\u017e je d\u00e1no p\u0159\u00edm\u00fdm vst\u0159ikov\u00e1n\u00edm pod velk\u00fdm tlakem. Ov\u0161em takov\u00e9 motory paradoxn\u011b zat\u011b\u017euj\u00ed \u017eivotn\u00ed prost\u0159ed\u00ed dokonce v\u00edc, ne\u017e ty \u201eproklat\u00e9 diesely\u201c. Modern\u00ed vysokotlak\u00e1 vst\u0159ikovac\u00ed \u010derpadla u\u0161et\u0159\u00ed a\u017e 15% paliva, \u010d\u00edm\u017e se samoz\u0159ejm\u011b sn\u00ed\u017e\u00ed emise oxidu uhli\u010dit\u00e9ho a politiky stanoven\u00e1 norma se spln\u00ed, jen\u017ee n\u011bco za n\u011bco. P\u0159i tomto procesu spalov\u00e1n\u00ed benz\u00ednu toti\u017e vznik\u00e1 velmi jemn\u00fd prach, dokonce extr\u00e9mn\u011b jemn\u00fd. A ten podle vyj\u00e1d\u0159en\u00ed odborn\u00edk\u016f \u0161kod\u00ed zdrav\u00ed mnohem v\u00edc, ne\u017e oxid uhli\u010dit\u00fd.&#13; &#13; &#13; Jak je to s oxidem uhli\u010dit\u00fdm?&#13; Mimochodem, zamysleli jste se n\u011bkdy nad nesmyslnost\u00ed cel\u00e9 propagandy vlivu oxidu uhli\u010dit\u00e9ho na glob\u00e1ln\u00ed probl\u00e9my planety? Oxid uhli\u010dit\u00fd toti\u017e pot\u0159ebuj\u00ed rostliny k d\u00fdch\u00e1n\u00ed a \u010dlov\u011bk sv\u00fdm \u017eivotem, a dokonce i pr\u016fmyslovou \u010dinnost\u00ed, ho vyprodukuje jen zanedbateln\u00e9 mno\u017estv\u00ed, kter\u00e9 ke vzniku sklen\u00edkov\u00e9ho efektu nem\u016f\u017ee p\u0159isp\u011bt. Naru\u0161en\u00ed \u017eivotn\u00edho prost\u0159ed\u00ed zp\u016fsobuj\u00ed p\u0159edev\u0161\u00edm jin\u00e9 faktory, oxid uhli\u010dit\u00fd jen minim\u00e1ln\u011b.&#13; &#13; &#13; Filtr pevn\u00fdch \u010d\u00e1stic&#13; Reakce politik\u016f na jemn\u00fd prach z p\u0159\u00edm\u00e9ho vst\u0159ikov\u00e1n\u00ed u z\u00e1\u017eehov\u00fdch motor\u016f ov\u0161em na sebe nedala dlouho \u010dekat. Od z\u00e1\u0159\u00ed roku 2017 mus\u00ed v\u0161ichni v\u00fdrobci t\u011bchto motor\u016f instalovat ve vozech tzv. filtr pevn\u00fdch \u010d\u00e1stic. Ke konci roku u\u017e tedy vyjely prvn\u00ed vozy s t\u00edmto filtrem od automobilek Renault, Peugeot, Volkswagen, Mercedes, \u0160koda, Opel, a dal\u0161\u00ed. Toto opat\u0159en\u00ed se ov\u0161em t\u00fdk\u00e1 jen nov\u011b vyroben\u00fdch voz\u016f, t\u00edm p\u00e1dem star\u0161\u00ed auta bez filtru by mohla m\u00edt probl\u00e9m s omezen\u00edm vjezdu do m\u011bstsk\u00fdch z\u00f3n. Prozat\u00edm je omezen provoz v tzv. \u201eekologick\u00fdch z\u00f3n\u00e1ch\u201c dieselov\u00fdm motor\u016fm a je jen ot\u00e1zkou \u010dasu, kdy se vyrukuje s opat\u0159en\u00edm i pro provoz benz\u00ednov\u00fdch motor\u016f. To budou pak zv\u00fdhodn\u011bny vozy s minim\u00e1ln\u00edmi nebo nulov\u00fdmi emisemi (to je p\u0159\u00edpad nap\u0159. modr\u00fdch plaket) a z\u00e1kaz vjezdu do velk\u00fdch m\u011bst by se t\u00fdkal, alespo\u0148 v N\u011bmecku, 3 milion\u016f voz\u016f s motorem na benz\u00ednov\u00fd pohon.&#13;                                                                                                                                                                                                                                                                                                                                                                                        3.9\/5 - (8 votes)        "},{"@context":"https:\/\/schema.org\/","@type":"BreadcrumbList","itemListElement":[{"@type":"ListItem","position":1,"name":"Emisn\u00ed limity pro z\u00e1\u017eehov\u00e9 i vzn\u011btov\u00e9 motory jsou velmi p\u0159\u00edsn\u00e9","item":"https:\/\/www.ajsa.cz\/emisni-limity-pro-zazehove-i-vznetove-motory-jsou-velmi-prisne\/#breadcrumbitem"}]}]