[{"@context":"https:\/\/schema.org\/","@type":"Article","@id":"https:\/\/www.ajsa.cz\/mit-tak-poradny-relax-primo-v-praci\/#Article","mainEntityOfPage":"https:\/\/www.ajsa.cz\/mit-tak-poradny-relax-primo-v-praci\/","headline":"M\u00edt tak po\u0159\u00e1dn\u00fd relax p\u0159\u00edmo v pr\u00e1ci","name":"M\u00edt tak po\u0159\u00e1dn\u00fd relax p\u0159\u00edmo v pr\u00e1ci","description":"P\u0159edstavte si po\u0159\u00e1dn\u00e9 vedro a konec pracovn\u00ed doby v nedohlednu. Kancel\u00e1\u0159 nem\u00e1 klimatizaci a va\u0161e ruce jsou teplej\u0161\u00ed ne\u017e \u010delo nemocn\u00e9ho d\u00edt\u011bte maj\u00edc\u00ed t\u0159iceti osmi stup\u0148ovou hore\u010dku, Opravdu hrozn\u00e1 p\u0159edstava. A tak v\u00e1s napad\u00e1 spousta v\u011bc\u00ed, kter\u00e9 by v\u00e1m od tohoto nep\u0159\u00edjemn\u00e9ho pocitu pomohly. Bohu\u017eel m\u00e1loco je re\u00e1ln\u00e9. A tak alespo\u0148 zav\u00edr\u00e1te o\u010di a p\u0159edstavujete [&hellip;]","datePublished":"2025-03-10","dateModified":"2025-03-10","author":{"@type":"Person","@id":"https:\/\/www.ajsa.cz\/author\/#Person","name":"","url":"https:\/\/www.ajsa.cz\/author\/","identifier":1,"image":{"@type":"ImageObject","@id":"https:\/\/secure.gravatar.com\/avatar\/4faace62981be50719be6a25151192978e6d585737a520836dcb98934de3bb45?s=96&d=mm&r=g","url":"https:\/\/secure.gravatar.com\/avatar\/4faace62981be50719be6a25151192978e6d585737a520836dcb98934de3bb45?s=96&d=mm&r=g","height":96,"width":96}},"publisher":{"@type":"Organization","name":"ajsa.cz","logo":{"@type":"ImageObject","@id":"\/logo.png","url":"\/logo.png","width":600,"height":60}},"url":"https:\/\/www.ajsa.cz\/mit-tak-poradny-relax-primo-v-praci\/","wordCount":208,"articleBody":"P\u0159edstavte si po\u0159\u00e1dn\u00e9 vedro a konec pracovn\u00ed doby v nedohlednu. Kancel\u00e1\u0159 nem\u00e1 klimatizaci a va\u0161e ruce jsou teplej\u0161\u00ed ne\u017e \u010delo nemocn\u00e9ho d\u00edt\u011bte maj\u00edc\u00ed t\u0159iceti osmi stup\u0148ovou hore\u010dku, Opravdu hrozn\u00e1 p\u0159edstava. A tak v\u00e1s napad\u00e1 spousta v\u011bc\u00ed, kter\u00e9 by v\u00e1m od tohoto nep\u0159\u00edjemn\u00e9ho pocitu pomohly. Bohu\u017eel m\u00e1loco je re\u00e1ln\u00e9. A tak alespo\u0148 zav\u00edr\u00e1te o\u010di a p\u0159edstavujete si, jak lezete do vo\u0148av\u00e9 v\u00ed\u0159iv\u00e9 vany a je v\u00e1m tak slastn\u011b\u2026I d\u011bti si zaslou\u017e\u00ed odpo\u010dinekVelk\u00e1 v\u011bt\u0161ina rodi\u010d\u016f ned\u00e1 na sv\u00e9 d\u011bti dopustit. Zn\u00e1 to jist\u011b spousta z v\u00e1s, \u017ee i kdy\u017e je v\u00e1\u0161 potomek \u201et\u0159e\u0161tiprdlo\u201c, na holi\u010dk\u00e1ch ho prost\u011b nenech\u00e1te. A tak zat\u00edmco n\u011bkte\u0159\u00ed rodi\u010de \u0159e\u0161\u00ed z\u00e1kladn\u00ed pot\u0159eby d\u00edt\u011bte, jin\u00ed by pro n\u011b klidn\u011b let\u011bli i na m\u011bs\u00edc a utratili nemal\u00e9 finan\u010dn\u00ed prost\u0159edky, jen aby jim na tv\u00e1\u0159i vykouzlili \u00fasm\u011bv od ucha k uchu. A to nemluv\u00edm o drah\u00fdch autech, mobiln\u00edch telefonech nebo dokonce vlastn\u00edm, luxusn\u011b vybaven\u00edm dom\u011b a p\u0159epychovou vanou.                                                                                                                                                                                                                                                                                                                                                                                        3.5\/5 - (2 votes)        "},{"@context":"https:\/\/schema.org\/","@type":"BreadcrumbList","itemListElement":[{"@type":"ListItem","position":1,"name":"M\u00edt tak po\u0159\u00e1dn\u00fd relax p\u0159\u00edmo v pr\u00e1ci","item":"https:\/\/www.ajsa.cz\/mit-tak-poradny-relax-primo-v-praci\/#breadcrumbitem"}]}]