[{"@context":"https:\/\/schema.org\/","@type":"Blog","@id":"https:\/\/www.ajsa.cz#Blog","headline":"Ajsa","description":"\nHled\u00e1te ide\u00e1ln\u00ed m\u00edsto pro um\u00edst\u011bn\u00ed svoj\u00ed reklamy? Pak v\u00e1m lze v\u0159ele doporu\u010dit nab\u00eddku na\u0161eho webu, jen\u017e se na to specializuje. A jen\u017e v\u00e1m ve v\u0161em vyhov\u00ed.","url":"https:\/\/www.ajsa.cz","hasPart":[{"@type":"Article","@id":"https:\/\/www.ajsa.cz\/jake-tipy-viz-muze-cizinec-vyuzit-pri-praci-v-cr\/","headline":"Jak\u00e9 tipy v\u00edz m\u016f\u017ee cizinec vyu\u017e\u00edt p\u0159i pr\u00e1ci v \u010cR","url":"https:\/\/www.ajsa.cz\/jake-tipy-viz-muze-cizinec-vyuzit-pri-praci-v-cr\/","datePublished":"2022-10-20","dateModified":"2023-05-07","mainEntityOfPage":"https:\/\/www.ajsa.cz\/jake-tipy-viz-muze-cizinec-vyuzit-pri-praci-v-cr\/","author":{"@type":"Person","@id":"https:\/\/www.ajsa.cz\/author\/#Person","name":"","url":"https:\/\/www.ajsa.cz\/author\/","identifier":1,"image":{"@type":"ImageObject","@id":"https:\/\/secure.gravatar.com\/avatar\/4faace62981be50719be6a25151192978e6d585737a520836dcb98934de3bb45?s=96&d=mm&r=g","url":"https:\/\/secure.gravatar.com\/avatar\/4faace62981be50719be6a25151192978e6d585737a520836dcb98934de3bb45?s=96&d=mm&r=g","height":96,"width":96}},"publisher":{"@type":"Organization","name":"ajsa.cz","logo":{"@type":"ImageObject","@id":"\/logo.png","url":"\/logo.png","width":600,"height":60}},"image":{"@type":"ImageObject","@id":"https:\/\/www.ajsa.cz\/wp-content\/uploads\/vizum_iPZh51.jpg","url":"https:\/\/www.ajsa.cz\/wp-content\/uploads\/vizum_iPZh51.jpg","height":0,"width":0},"wordCount":763,"keywords":null},{"@type":"Article","@id":"https:\/\/www.ajsa.cz\/jake-jsou-vyhody-prace-v-zahranici\/","headline":"Jak\u00e9 jsou v\u00fdhody pr\u00e1ce v zahrani\u010d\u00ed?","url":"https:\/\/www.ajsa.cz\/jake-jsou-vyhody-prace-v-zahranici\/","datePublished":"2022-10-16","dateModified":"2022-10-16","mainEntityOfPage":"https:\/\/www.ajsa.cz\/jake-jsou-vyhody-prace-v-zahranici\/","author":{"@type":"Person","@id":"https:\/\/www.ajsa.cz\/author\/#Person","name":"","url":"https:\/\/www.ajsa.cz\/author\/","identifier":1,"image":{"@type":"ImageObject","@id":"https:\/\/secure.gravatar.com\/avatar\/4faace62981be50719be6a25151192978e6d585737a520836dcb98934de3bb45?s=96&d=mm&r=g","url":"https:\/\/secure.gravatar.com\/avatar\/4faace62981be50719be6a25151192978e6d585737a520836dcb98934de3bb45?s=96&d=mm&r=g","height":96,"width":96}},"publisher":{"@type":"Organization","name":"ajsa.cz","logo":{"@type":"ImageObject","@id":"\/logo.png","url":"\/logo.png","width":600,"height":60}},"image":{"@type":"ImageObject","@id":"https:\/\/www.ajsa.cz\/wp-content\/uploads\/pexels-chevanon-photography-1108101_1.jpg","url":"https:\/\/www.ajsa.cz\/wp-content\/uploads\/pexels-chevanon-photography-1108101_1.jpg","height":0,"width":0},"wordCount":629,"keywords":null},{"@type":"Article","@id":"https:\/\/www.ajsa.cz\/co-si-pribalit-na-dovolenou-k-mori\/","headline":"Co si p\u0159ibalit na dovolenou k mo\u0159i","url":"https:\/\/www.ajsa.cz\/co-si-pribalit-na-dovolenou-k-mori\/","datePublished":"2022-10-07","dateModified":"2023-05-07","mainEntityOfPage":"https:\/\/www.ajsa.cz\/co-si-pribalit-na-dovolenou-k-mori\/","author":{"@type":"Person","@id":"https:\/\/www.ajsa.cz\/author\/#Person","name":"","url":"https:\/\/www.ajsa.cz\/author\/","identifier":1,"image":{"@type":"ImageObject","@id":"https:\/\/secure.gravatar.com\/avatar\/4faace62981be50719be6a25151192978e6d585737a520836dcb98934de3bb45?s=96&d=mm&r=g","url":"https:\/\/secure.gravatar.com\/avatar\/4faace62981be50719be6a25151192978e6d585737a520836dcb98934de3bb45?s=96&d=mm&r=g","height":96,"width":96}},"publisher":{"@type":"Organization","name":"ajsa.cz","logo":{"@type":"ImageObject","@id":"\/logo.png","url":"\/logo.png","width":600,"height":60}},"image":{"@type":"ImageObject","@id":"https:\/\/www.ajsa.cz\/wp-content\/uploads\/zena_v_plavkach_u1aEXc.jpg","url":"https:\/\/www.ajsa.cz\/wp-content\/uploads\/zena_v_plavkach_u1aEXc.jpg","height":0,"width":0},"wordCount":793,"keywords":null},{"@type":"Article","@id":"https:\/\/www.ajsa.cz\/online-svet\/","headline":"Online sv\u011bt","url":"https:\/\/www.ajsa.cz\/online-svet\/","datePublished":"2022-09-30","dateModified":"2022-09-30","mainEntityOfPage":"https:\/\/www.ajsa.cz\/online-svet\/","author":{"@type":"Person","@id":"https:\/\/www.ajsa.cz\/author\/#Person","name":"","url":"https:\/\/www.ajsa.cz\/author\/","identifier":1,"image":{"@type":"ImageObject","@id":"https:\/\/secure.gravatar.com\/avatar\/4faace62981be50719be6a25151192978e6d585737a520836dcb98934de3bb45?s=96&d=mm&r=g","url":"https:\/\/secure.gravatar.com\/avatar\/4faace62981be50719be6a25151192978e6d585737a520836dcb98934de3bb45?s=96&d=mm&r=g","height":96,"width":96}},"publisher":{"@type":"Organization","name":"ajsa.cz","logo":{"@type":"ImageObject","@id":"\/logo.png","url":"\/logo.png","width":600,"height":60}},"image":{"@type":"ImageObject","@id":"https:\/\/www.ajsa.cz\/wp-content\/uploads\/you-tube-566347_960_720_1.jpg","url":"https:\/\/www.ajsa.cz\/wp-content\/uploads\/you-tube-566347_960_720_1.jpg","height":0,"width":0},"wordCount":519,"keywords":null},{"@type":"Article","@id":"https:\/\/www.ajsa.cz\/hotely-bez-deti-ano-nebo-ne-a-pro-koho-jsou-vhodne\/","headline":"Hotely bez d\u011bt\u00ed: ano nebo ne a pro koho jsou vhodn\u00e9","url":"https:\/\/www.ajsa.cz\/hotely-bez-deti-ano-nebo-ne-a-pro-koho-jsou-vhodne\/","datePublished":"2022-07-27","dateModified":"2023-07-31","mainEntityOfPage":"https:\/\/www.ajsa.cz\/hotely-bez-deti-ano-nebo-ne-a-pro-koho-jsou-vhodne\/","author":{"@type":"Person","@id":"https:\/\/www.ajsa.cz\/author\/#Person","name":"","url":"https:\/\/www.ajsa.cz\/author\/","identifier":1,"image":{"@type":"ImageObject","@id":"https:\/\/secure.gravatar.com\/avatar\/4faace62981be50719be6a25151192978e6d585737a520836dcb98934de3bb45?s=96&d=mm&r=g","url":"https:\/\/secure.gravatar.com\/avatar\/4faace62981be50719be6a25151192978e6d585737a520836dcb98934de3bb45?s=96&d=mm&r=g","height":96,"width":96}},"publisher":{"@type":"Organization","name":"ajsa.cz","logo":{"@type":"ImageObject","@id":"\/logo.png","url":"\/logo.png","width":600,"height":60}},"image":{"@type":"ImageObject","@id":"https:\/\/www.ajsa.cz\/wp-content\/uploads\/zamilovany_par_ukTQwp.jpg","url":"https:\/\/www.ajsa.cz\/wp-content\/uploads\/zamilovany_par_ukTQwp.jpg","height":0,"width":0},"wordCount":717,"keywords":null},{"@type":"Article","@id":"https:\/\/www.ajsa.cz\/fotovoltaika-na-strechu\/","headline":"Fotovoltaika na st\u0159echu","url":"https:\/\/www.ajsa.cz\/fotovoltaika-na-strechu\/","datePublished":"2022-07-17","dateModified":"2024-02-01","mainEntityOfPage":"https:\/\/www.ajsa.cz\/fotovoltaika-na-strechu\/","author":{"@type":"Person","@id":"https:\/\/www.ajsa.cz\/author\/#Person","name":"","url":"https:\/\/www.ajsa.cz\/author\/","identifier":1,"image":{"@type":"ImageObject","@id":"https:\/\/secure.gravatar.com\/avatar\/4faace62981be50719be6a25151192978e6d585737a520836dcb98934de3bb45?s=96&d=mm&r=g","url":"https:\/\/secure.gravatar.com\/avatar\/4faace62981be50719be6a25151192978e6d585737a520836dcb98934de3bb45?s=96&d=mm&r=g","height":96,"width":96}},"publisher":{"@type":"Organization","name":"ajsa.cz","logo":{"@type":"ImageObject","@id":"\/logo.png","url":"\/logo.png","width":600,"height":60}},"image":{"@type":"ImageObject","@id":"https:\/\/www.ajsa.cz\/wp-content\/uploads\/photovoltaic-5020807_960_720.jpg","url":"https:\/\/www.ajsa.cz\/wp-content\/uploads\/photovoltaic-5020807_960_720.jpg","height":0,"width":0},"wordCount":582,"keywords":null},{"@type":"Article","@id":"https:\/\/www.ajsa.cz\/potrebuji-na-elektroskutr-ridicak\/","headline":"Pot\u0159ebuji na elektrosk\u00fatr \u0159idi\u010d\u00e1k?","url":"https:\/\/www.ajsa.cz\/potrebuji-na-elektroskutr-ridicak\/","datePublished":"2022-07-14","dateModified":"2023-10-06","mainEntityOfPage":"https:\/\/www.ajsa.cz\/potrebuji-na-elektroskutr-ridicak\/","author":{"@type":"Person","@id":"https:\/\/www.ajsa.cz\/author\/#Person","name":"","url":"https:\/\/www.ajsa.cz\/author\/","identifier":1,"image":{"@type":"ImageObject","@id":"https:\/\/secure.gravatar.com\/avatar\/4faace62981be50719be6a25151192978e6d585737a520836dcb98934de3bb45?s=96&d=mm&r=g","url":"https:\/\/secure.gravatar.com\/avatar\/4faace62981be50719be6a25151192978e6d585737a520836dcb98934de3bb45?s=96&d=mm&r=g","height":96,"width":96}},"publisher":{"@type":"Organization","name":"ajsa.cz","logo":{"@type":"ImageObject","@id":"\/logo.png","url":"\/logo.png","width":600,"height":60}},"image":{"@type":"ImageObject","@id":"https:\/\/www.ajsa.cz\/wp-content\/uploads\/damsky_skutr_KC8GD3.jpg","url":"https:\/\/www.ajsa.cz\/wp-content\/uploads\/damsky_skutr_KC8GD3.jpg","height":0,"width":0},"wordCount":745,"keywords":null},{"@type":"Article","@id":"https:\/\/www.ajsa.cz\/nauc-se-spanelsky-v-pomaturitnim-studiu-a-vyjed-na-staz\/","headline":"Nau\u010d se \u0161pan\u011blsky v pomaturitn\u00edm studiu a vyje\u010f na st\u00e1\u017e!","url":"https:\/\/www.ajsa.cz\/nauc-se-spanelsky-v-pomaturitnim-studiu-a-vyjed-na-staz\/","datePublished":"2022-07-07","dateModified":"2023-05-07","mainEntityOfPage":"https:\/\/www.ajsa.cz\/nauc-se-spanelsky-v-pomaturitnim-studiu-a-vyjed-na-staz\/","author":{"@type":"Person","@id":"https:\/\/www.ajsa.cz\/author\/#Person","name":"","url":"https:\/\/www.ajsa.cz\/author\/","identifier":1,"image":{"@type":"ImageObject","@id":"https:\/\/secure.gravatar.com\/avatar\/4faace62981be50719be6a25151192978e6d585737a520836dcb98934de3bb45?s=96&d=mm&r=g","url":"https:\/\/secure.gravatar.com\/avatar\/4faace62981be50719be6a25151192978e6d585737a520836dcb98934de3bb45?s=96&d=mm&r=g","height":96,"width":96}},"publisher":{"@type":"Organization","name":"ajsa.cz","logo":{"@type":"ImageObject","@id":"\/logo.png","url":"\/logo.png","width":600,"height":60}},"image":{"@type":"ImageObject","@id":"https:\/\/www.ajsa.cz\/wp-content\/uploads\/ruzovy_pelican_8TXM31.jpg","url":"https:\/\/www.ajsa.cz\/wp-content\/uploads\/ruzovy_pelican_8TXM31.jpg","height":0,"width":0},"wordCount":748,"keywords":null},{"@type":"Article","@id":"https:\/\/www.ajsa.cz\/oblibena-cisla\/","headline":"Obl\u00edben\u00e1 \u010d\u00edsla","url":"https:\/\/www.ajsa.cz\/oblibena-cisla\/","datePublished":"2022-06-30","dateModified":"2022-06-30","mainEntityOfPage":"https:\/\/www.ajsa.cz\/oblibena-cisla\/","author":{"@type":"Person","@id":"https:\/\/www.ajsa.cz\/author\/#Person","name":"","url":"https:\/\/www.ajsa.cz\/author\/","identifier":1,"image":{"@type":"ImageObject","@id":"https:\/\/secure.gravatar.com\/avatar\/4faace62981be50719be6a25151192978e6d585737a520836dcb98934de3bb45?s=96&d=mm&r=g","url":"https:\/\/secure.gravatar.com\/avatar\/4faace62981be50719be6a25151192978e6d585737a520836dcb98934de3bb45?s=96&d=mm&r=g","height":96,"width":96}},"publisher":{"@type":"Organization","name":"ajsa.cz","logo":{"@type":"ImageObject","@id":"\/logo.png","url":"\/logo.png","width":600,"height":60}},"image":{"@type":"ImageObject","@id":"https:\/\/www.ajsa.cz\/wp-content\/uploads\/pexels-ron-lach-10045060_1.jpg","url":"https:\/\/www.ajsa.cz\/wp-content\/uploads\/pexels-ron-lach-10045060_1.jpg","height":0,"width":0},"wordCount":595,"keywords":null},{"@type":"Article","@id":"https:\/\/www.ajsa.cz\/bezvizovy-pobyt-cizincu-v-cr\/","headline":"Bezv\u00edzov\u00fd pobyt cizinc\u016f v \u010cR","url":"https:\/\/www.ajsa.cz\/bezvizovy-pobyt-cizincu-v-cr\/","datePublished":"2022-06-23","dateModified":"2023-05-07","mainEntityOfPage":"https:\/\/www.ajsa.cz\/bezvizovy-pobyt-cizincu-v-cr\/","author":{"@type":"Person","@id":"https:\/\/www.ajsa.cz\/author\/#Person","name":"","url":"https:\/\/www.ajsa.cz\/author\/","identifier":1,"image":{"@type":"ImageObject","@id":"https:\/\/secure.gravatar.com\/avatar\/4faace62981be50719be6a25151192978e6d585737a520836dcb98934de3bb45?s=96&d=mm&r=g","url":"https:\/\/secure.gravatar.com\/avatar\/4faace62981be50719be6a25151192978e6d585737a520836dcb98934de3bb45?s=96&d=mm&r=g","height":96,"width":96}},"publisher":{"@type":"Organization","name":"ajsa.cz","logo":{"@type":"ImageObject","@id":"\/logo.png","url":"\/logo.png","width":600,"height":60}},"image":{"@type":"ImageObject","@id":"https:\/\/www.ajsa.cz\/wp-content\/uploads\/bezvizovy_styk_bzn0P6.jpg","url":"https:\/\/www.ajsa.cz\/wp-content\/uploads\/bezvizovy_styk_bzn0P6.jpg","height":0,"width":0},"wordCount":753,"keywords":null}]},{"@context":"https:\/\/schema.org","@type":"WebSite","@id":"https:\/\/www.ajsa.cz\/#website","name":"Ajsa","url":"https:\/\/www.ajsa.cz","potentialAction":{"@type":"SearchAction","target":"https:\/\/www.ajsa.cz\/?s={search_term_string}","query-input":"required name=search_term_string"}}]