[{"@context":"https:\/\/schema.org\/","@type":"Article","@id":"https:\/\/www.ajsa.cz\/potisk-na-cepice\/#Article","mainEntityOfPage":"https:\/\/www.ajsa.cz\/potisk-na-cepice\/","headline":"Potisk na \u010depice","name":"Potisk na \u010depice","description":"N\u011bkte\u0159\u00ed lid\u00e9 se striktn\u011b dr\u017e\u00ed m\u00f3dn\u00edch hit\u016f. Neust\u00e1le sleduj\u00ed magaz\u00edny a po\u0159ady v televizi, kter\u00e9 se t\u00edmto t\u00e9matem zab\u00fdvaj\u00ed, aby byli tzv. v kurzu a IN, aby se nemuseli styd\u011bt, kdy\u017e vyjdou na ulici, aby si p\u0159ipadali kr\u00e1sn\u00ed a stylov\u00ed. V\u011bt\u0161inu ani nezaj\u00edm\u00e1, kdy\u017e je hypermodern\u00ed od\u011bv \u0161krt\u00ed a \u0161t\u00edpe. Hlavn\u00ed je, aby nebyli posledn\u00ed, [&hellip;]","datePublished":"2025-01-03","dateModified":"2025-01-03","author":{"@type":"Person","@id":"https:\/\/www.ajsa.cz\/author\/#Person","name":"","url":"https:\/\/www.ajsa.cz\/author\/","identifier":1,"image":{"@type":"ImageObject","@id":"https:\/\/secure.gravatar.com\/avatar\/4faace62981be50719be6a25151192978e6d585737a520836dcb98934de3bb45?s=96&d=mm&r=g","url":"https:\/\/secure.gravatar.com\/avatar\/4faace62981be50719be6a25151192978e6d585737a520836dcb98934de3bb45?s=96&d=mm&r=g","height":96,"width":96}},"publisher":{"@type":"Organization","name":"ajsa.cz","logo":{"@type":"ImageObject","@id":"\/logo.png","url":"\/logo.png","width":600,"height":60}},"url":"https:\/\/www.ajsa.cz\/potisk-na-cepice\/","wordCount":197,"articleBody":"N\u011bkte\u0159\u00ed lid\u00e9 se striktn\u011b dr\u017e\u00ed m\u00f3dn\u00edch hit\u016f. Neust\u00e1le sleduj\u00ed magaz\u00edny a po\u0159ady v televizi, kter\u00e9 se t\u00edmto t\u00e9matem zab\u00fdvaj\u00ed, aby byli tzv. v kurzu a IN, aby se nemuseli styd\u011bt, kdy\u017e vyjdou na ulici, aby si p\u0159ipadali kr\u00e1sn\u00ed a stylov\u00ed. V\u011bt\u0161inu ani nezaj\u00edm\u00e1, kdy\u017e je hypermodern\u00ed od\u011bv \u0161krt\u00ed a \u0161t\u00edpe. Hlavn\u00ed je, aby nebyli posledn\u00ed, kdo si do \u0161atn\u00edku p\u0159id\u00e1 nejnov\u011bj\u0161\u00ed mikinu s pumou. Pokud si ale na n\u011bjak\u00e9m tom zna\u010dkov\u00e9m hadru nepotrp\u00edte, m\u00e1me pro v\u00e1s zaj\u00edmavou nab\u00eddku. Potisk textilu vlastn\u00edm vzorem! Jste-li \u010dlen, nebo \u010dlenka odbojov\u00e9 skupiny, kter\u00e1 pohrd\u00e1 jakoukoliv firmou, kter\u00e1 sv\u016fj byznys stav\u00ed pouze na marnotratnosti n\u011bkter\u00fdch osob, po\u0159i\u010fte si tri\u010dka vlastn\u00ed. Lep\u0161\u00ed a zdaleka ne tak komer\u010dn\u00ed a profl\u00e1kl\u00e1, jak\u00e1 nos\u00ed lid\u00e9 kolem v\u00e1s. Potisk textilu je ide\u00e1ln\u00ed zbran\u00ed pro ty, kte\u0159\u00ed cht\u011bj\u00ed vyvr\u00e1tit domn\u011bnku, \u017ee co je drah\u00e9, mus\u00ed b\u00fdti dobr\u00e9! Fantazii se meze nekladou! Vyzkou\u0161ejte potisk textilu u n\u00e1s a dejte pr\u016fchod sv\u00e9 fantazii!                                                                                                                                                                                                                                                                                                                                                                                                "},{"@context":"https:\/\/schema.org\/","@type":"BreadcrumbList","itemListElement":[{"@type":"ListItem","position":1,"name":"Potisk na \u010depice","item":"https:\/\/www.ajsa.cz\/potisk-na-cepice\/#breadcrumbitem"}]}]