[{"@context":"https:\/\/schema.org\/","@type":"Article","@id":"https:\/\/www.ajsa.cz\/sidlo-je-a-pritom-neni\/#Article","mainEntityOfPage":"https:\/\/www.ajsa.cz\/sidlo-je-a-pritom-neni\/","headline":"S\u00eddlo je a p\u0159itom nen\u00ed","name":"S\u00eddlo je a p\u0159itom nen\u00ed","description":"Je logick\u00e9, \u017ee ka\u017ed\u00e1 podnikaj\u00edc\u00ed osoba mus\u00ed m\u00edt uvedenu adresu, kter\u00e1 umo\u017en\u00ed jej\u00ed kontaktov\u00e1n\u00ed. Tento \u00fadaj je d\u016fle\u017eit\u00fd pro obchodn\u00ed partnery, jin\u00e9 obchodn\u00edky, ale tak\u00e9 pro v\u0161echny mo\u017en\u00e9 \u00fa\u0159ady, kter\u00e9 maj\u00ed podnikatelskou na \u010dinnost t\u00e9to osoby dohl\u00ed\u017eet. I kdy\u017e v posledn\u00ed dob\u011b se v\u0161e d\u016fle\u017eit\u00e9 d\u011bje elektronicky, \u00fa\u0159ady s v\u00e1mi nekomunikuj\u00ed jinak ne\u017e prost\u0159ednictv\u00edm datov\u00fdch [&hellip;]","datePublished":"2022-04-27","dateModified":"2023-05-10","author":{"@type":"Person","@id":"https:\/\/www.ajsa.cz\/author\/#Person","name":"","url":"https:\/\/www.ajsa.cz\/author\/","identifier":1,"image":{"@type":"ImageObject","@id":"https:\/\/secure.gravatar.com\/avatar\/4faace62981be50719be6a25151192978e6d585737a520836dcb98934de3bb45?s=96&d=mm&r=g","url":"https:\/\/secure.gravatar.com\/avatar\/4faace62981be50719be6a25151192978e6d585737a520836dcb98934de3bb45?s=96&d=mm&r=g","height":96,"width":96}},"publisher":{"@type":"Organization","name":"ajsa.cz","logo":{"@type":"ImageObject","@id":"\/logo.png","url":"\/logo.png","width":600,"height":60}},"image":{"@type":"ImageObject","@id":"https:\/\/www.ajsa.cz\/wp-content\/uploads\/job-gd8dc32721_640_10_1.jpg","url":"https:\/\/www.ajsa.cz\/wp-content\/uploads\/job-gd8dc32721_640_10_1.jpg","height":0,"width":0},"url":"https:\/\/www.ajsa.cz\/sidlo-je-a-pritom-neni\/","about":["Slu\u017eby"],"wordCount":424,"articleBody":"   Je logick\u00e9, \u017ee ka\u017ed\u00e1 podnikaj\u00edc\u00ed osoba mus\u00ed m\u00edt uvedenu adresu, kter\u00e1 umo\u017en\u00ed jej\u00ed kontaktov\u00e1n\u00ed. Tento \u00fadaj je d\u016fle\u017eit\u00fd pro obchodn\u00ed partnery, jin\u00e9 obchodn\u00edky, ale tak\u00e9 pro v\u0161echny mo\u017en\u00e9 \u00fa\u0159ady, kter\u00e9 maj\u00ed podnikatelskou na \u010dinnost t\u00e9to osoby dohl\u00ed\u017eet. I kdy\u017e v posledn\u00ed dob\u011b se v\u0161e d\u016fle\u017eit\u00e9 d\u011bje elektronicky, \u00fa\u0159ady s v\u00e1mi nekomunikuj\u00ed jinak ne\u017e prost\u0159ednictv\u00edm datov\u00fdch zpr\u00e1v, je s\u00eddlo podnikatelsk\u00e9 osoby, respektive u fyzick\u00fdch osob OSV\u010c provozovna, nejd\u016fle\u017eit\u011bj\u0161\u00ed informac\u00ed.S\u00eddlo ale m\u016f\u017ee b\u00fdt probl\u00e9m z\u00edskat. Nen\u00ed to tak, \u017ee si do dotazn\u00edku p\u0159ikl\u00e1dan\u00e9ho k \u017e\u00e1dosti o \u017divnostensk\u00e9 opr\u00e1vn\u011bn\u00ed, nebo zakladatelsk\u00fdm listin\u00e1m spole\u010dnosti s ru\u010den\u00edm omezen\u00fdm jen nap\u00ed\u0161ete prvn\u00ed adresu, kter\u00e1 v\u00e1s napadne. Ani nem\u016f\u017eete napsat adresu, na kter\u00e9 si pronaj\u00edm\u00e1te kancel\u00e1\u0159, sklady \u010di v\u00fdrobn\u00ed prostory. Vy mus\u00edte dolo\u017eit souhlas pronaj\u00edmatele takov\u00fdch prostor. A ne ka\u017ed\u00fd pronaj\u00edmatel takov\u00fdch prostor bude s um\u00edst\u011bn\u00edm s\u00eddla va\u0161\u00ed spole\u010dnosti s ru\u010den\u00edm omezen\u00fdm souhlasit. Bude se ob\u00e1vat mo\u017en\u00fdch, budouc\u00edch probl\u00e9m\u016f, nebo bude s\u00e1m m\u00edt n\u011bjak\u00e9 negativn\u00ed zku\u0161enosti. Zkr\u00e1tka, souhlas v\u00e1m neud\u011bl\u00ed. Co si te\u010f po\u010dnete?M\u016f\u017eete obch\u00e1zet obchodn\u00ed partnery, kamar\u00e1dy a zn\u00e1m\u00e9. Nebo m\u016f\u017eete zvolit elegantn\u011bj\u0161\u00ed \u0159e\u0161en\u00ed. U toho prvn\u00edho pravd\u011bpodobn\u011b ztrat\u00edte iluze. \u00dasp\u011b\u0161n\u00e9 vyjedn\u00e1v\u00e1n\u00ed v\u00e1m nikdo nezaru\u010d\u00ed a po\u017eadavek na um\u00edst\u011bn\u00ed s\u00eddla va\u0161\u00ed spole\u010dnosti na jejich adrese asi nebude slavit \u00fasp\u011bch. Je to z\u0159ejm\u011b jen ztr\u00e1ta \u010dasu.To elegantn\u00ed \u0159e\u0161en\u00ed nab\u00edz\u00ed spole\u010dnost nab\u00edzej\u00edc\u00ed virtu\u00e1ln\u00ed s\u00eddlo firmy v Ostrav\u011b. A pro\u010d je toto \u0159e\u0161en\u00ed elegantn\u00ed? Je rychl\u00e9, levn\u00e9 a nespojuj\u00ed v\u00e1s s n\u00edm \u017e\u00e1dn\u00e9 povinnosti. Jen vyu\u017e\u00edv\u00e1te slu\u017eeb, kter\u00e9 jsou sou\u010d\u00e1st\u00ed pron\u00e1jmu adresy. Ty slu\u017eby se t\u00fdkaj\u00ed p\u0159edev\u0161\u00edm va\u0161\u00ed korespondence. Na adresu s\u00eddla v\u00e1m jist\u011b bude chodit n\u011bjak\u00e1 po\u0161ta. Ta je ihned notifikov\u00e1na na va\u0161\u00ed e-mailovou adresu je zasl\u00e1no ozn\u00e1men\u00ed o p\u0159ijet\u00ed po\u0161ty. Rovn\u011b\u017e, jako n\u00e1jemce virtu\u00e1ln\u00edho s\u00eddla m\u00e1te mo\u017enost tu a tam vyu\u017e\u00edt konferen\u010dn\u00ed m\u00edstnosti v objektu pro sv\u00e1 obchodn\u00ed jedn\u00e1n\u00ed.                                                                                                                                                                                                                                                                                                                                                                                          4.9\/5 - (7 votes)        "},{"@context":"https:\/\/schema.org\/","@type":"BreadcrumbList","itemListElement":[{"@type":"ListItem","position":1,"name":"S\u00eddlo je a p\u0159itom nen\u00ed","item":"https:\/\/www.ajsa.cz\/sidlo-je-a-pritom-neni\/#breadcrumbitem"}]}]