[{"@context":"https:\/\/schema.org\/","@type":"Article","@id":"https:\/\/www.ajsa.cz\/vice-mista-pro-zivot\/#Article","mainEntityOfPage":"https:\/\/www.ajsa.cz\/vice-mista-pro-zivot\/","headline":"V\u00edce m\u00edsta pro \u017eivot","name":"V\u00edce m\u00edsta pro \u017eivot","description":"\u010c\u00edm v\u00edce m\u00edsta \u010dlov\u011bk v byt\u011b m\u00e1, t\u00edm l\u00e9pe pro n\u011bj, zvl\u00e1\u0161t\u011b, pokud nebydl\u00ed s\u00e1m. Ov\u0161em v\u011bt\u0161ina obyvatel na\u0161\u00ed kr\u00e1sn\u00e9 zem\u011b bydl\u00ed v panelov\u00fdch domech, kter\u00e9 se nevyzna\u010duj\u00ed zrovna velk\u00fdmi byty. Pro jednotlivce i p\u00e1ry jsou v\u00edce ne\u017e dosta\u010duj\u00edc\u00ed, ale jakmile p\u0159ijdou na sv\u011bt d\u011bti, je pot\u0159eba m\u00edt toho m\u00edsta mnohem v\u00edce, zvl\u00e1\u0161t\u011b pak, jak [&hellip;]","datePublished":"2019-11-06","dateModified":"2019-11-06","author":{"@type":"Person","@id":"https:\/\/www.ajsa.cz\/author\/#Person","name":"","url":"https:\/\/www.ajsa.cz\/author\/","identifier":1,"image":{"@type":"ImageObject","@id":"https:\/\/secure.gravatar.com\/avatar\/4faace62981be50719be6a25151192978e6d585737a520836dcb98934de3bb45?s=96&d=mm&r=g","url":"https:\/\/secure.gravatar.com\/avatar\/4faace62981be50719be6a25151192978e6d585737a520836dcb98934de3bb45?s=96&d=mm&r=g","height":96,"width":96}},"publisher":{"@type":"Organization","name":"ajsa.cz","logo":{"@type":"ImageObject","@id":"\/logo.png","url":"\/logo.png","width":600,"height":60}},"image":{"@type":"ImageObject","@id":"https:\/\/www.ajsa.cz\/wp-content\/uploads\/img_a376806_w4242_t1588662740.jpg","url":"https:\/\/www.ajsa.cz\/wp-content\/uploads\/img_a376806_w4242_t1588662740.jpg","height":0,"width":0},"url":"https:\/\/www.ajsa.cz\/vice-mista-pro-zivot\/","about":["Neza\u0159azen\u00e9"],"wordCount":453,"articleBody":"        \u010c\u00edm v\u00edce m\u00edsta \u010dlov\u011bk v byt\u011b m\u00e1, t\u00edm l\u00e9pe pro n\u011bj, zvl\u00e1\u0161t\u011b, pokud nebydl\u00ed s\u00e1m. Ov\u0161em v\u011bt\u0161ina obyvatel na\u0161\u00ed kr\u00e1sn\u00e9 zem\u011b bydl\u00ed v panelov\u00fdch domech, kter\u00e9 se nevyzna\u010duj\u00ed zrovna velk\u00fdmi byty. Pro jednotlivce i p\u00e1ry jsou v\u00edce ne\u017e dosta\u010duj\u00edc\u00ed, ale jakmile p\u0159ijdou na sv\u011bt d\u011bti, je pot\u0159eba m\u00edt toho m\u00edsta mnohem v\u00edce, zvl\u00e1\u0161t\u011b pak, jak za\u010dnou r\u016fst. A toho nejde doc\u00edlit jen tak. Ne ka\u017ed\u00fd se chce nebo m\u00e1 v\u016fbec mo\u017enost st\u011bhovat se do v\u011bt\u0161\u00edho. Velk\u00e9 byty jsou toti\u017e tak\u00e9 daleko dra\u017e\u0161\u00ed, na co\u017e ne ka\u017ed\u00fd m\u00e1 finance. Na\u0161t\u011bst\u00ed je mo\u017en\u00e9 st\u00e1vaj\u00edc\u00ed obydl\u00ed ud\u011blat o trochu v\u00edce prostorn\u011bj\u0161\u00ed, ne\u017e tomu bylo doposud. Sta\u010d\u00ed jen vyhodit p\u00e1r kus\u016f n\u00e1bytku. Nebojte se, o \u00falo\u017en\u00fd prostor nep\u0159ijdete. Jen se p\u0159esune do st\u011bn. Vestav\u011bn\u00e9 sk\u0159\u00edn\u011b jsou tedy dobr\u00fdm \u0159e\u0161en\u00edm, kdy\u017e hled\u00e1te mo\u017enosti, jak zv\u011bt\u0161it sv\u00e9 obydl\u00ed. Jsou v\u00fdhodn\u00e9 Samoz\u0159ejm\u011b, \u017ee i nov\u00fd n\u00e1bytek n\u011bco stoj\u00ed, ale nejedn\u00e1 se o nic drastick\u00e9ho. Vestav\u011bn\u00e9 sk\u0159\u00edn\u011b nejsou tak drah\u00e9, jak se \u0159\u00edk\u00e1. V\u00edce m\u00e9n\u011b stoj\u00ed obdobn\u00e9 pen\u00edze, jako jejich klasick\u00e9 prot\u011bj\u0161ky. Jen je pot\u0159eba zaplatit za pr\u00e1ci nav\u00edc. Jedn\u00e1 se toti\u017e o typ n\u00e1bytku, kter\u00fd se mus\u00ed vyrobit p\u0159\u00edmo na m\u00edru, neprod\u00e1v\u00e1 se ji\u017e vyroben. https:\/\/www.military-portal.cz\/clanek\/pred-180-lety-byl-vyroben-prvni-revolver-znacky-colt \u00bd. D\u00c5\u00afvod je pom\u00c4\u009brn\u00c4\u009b jasn\u00c3\u00bd. Ka\u00c5\u00bed\u00c3\u00bd m\u00c3\u00a1 doma trochu jin\u00c3\u00a9 st\u00c4\u009bny a na ty se mus\u00c3\u00ad hled\u00c4\u009bt nejv\u00c3\u00adce, zvl\u00c3\u00a1\u00c5\u00a1t\u00c4\u009b pak na jejich rozm\u00c4\u009bry. Dle nich se pak n\u00c3\u00a1bytek vyr\u00c3\u00a1b\u00c3\u00ad. Dobrou zpr\u00c3\u00a1vou je, \u00c5\u00bee ka\u00c5\u00bed\u00c3\u00bd d\u00c5\u00afm nebo byt m\u00c3\u00a1 vhodn\u00c3\u00a9 zdi pro tento typ n\u00c3\u00a1bytku. Nemus\u00c3\u00adte se tak ob\u00c3\u00a1vat toho, \u00c5\u00bee by zrovna va\u00c5\u00a1e obydl\u00c3\u00ad byla n\u00c4\u009bjak\u00c3\u00a1 v\u00c3\u00bdjimka. Vzhledem k tomu, \u00c5\u00bee se sk\u00c5\u0099\u00c3\u00adn\u00c4\u009b vyr\u00c3\u00a1b\u00c3\u00ad na m\u00c3\u00adru, m\u00c5\u00af\u00c5\u00beete si nechat sestavit vlastn\u00c3\u00ad projekt, kter\u00c3\u00bd bude maxim\u00c3\u00a1ln\u00c4\u009b odpov\u00c3\u00addat va\u00c5\u00a1im p\u00c5\u0099edstav\u00c3\u00a1m. Sami si tak ur\u00c4\u008d\u00c3\u00adte, jak\u00c3\u00a9 dve\u00c5\u0099e pou\u00c5\u00be\u00c3\u00adt, jak velk\u00c3\u00a9 m\u00c3\u00a1 b\u00c3\u00bdt \u00c3\u00balo\u00c5\u00bei\u00c5\u00a1t\u00c4\u009b a jak m\u00c3\u00a1 b\u00c3\u00bdt \u00c3\u00balo\u00c5\u00ben\u00c3\u00bd prostor koncipov\u00c3\u00a1n. N\u00c4\u009bkdo d\u00c3\u00a1v\u00c3\u00a1 p\u00c5\u0099ednost velk\u00c3\u00a9mu mno\u00c5\u00bestv\u00c3\u00ad poli\u00c4\u008dek, jin\u00c3\u00ad nikoliv. Z\u00c3\u00a1le\u00c5\u00be\u00c3\u00ad na va\u00c5\u00a1ich pot\u00c5\u0099eb\u00c3\u00a1ch a preferenc\u00c3\u00adch. Samoz\u00c5\u0099ejmost\u00c3\u00ad je rovn\u00c4\u009b\u00c5\u00be mo\u00c5\u00benost zvolit si materi\u00c3\u00a1ly, ze kter\u00c3\u00bdch m\u00c3\u00a1 b\u00c3\u00bdt n\u00c3\u00a1bytek vyroben.                                                                                                                                                                                                                                                                                                                                                                                          5\/5 - (2 votes)        "},{"@context":"https:\/\/schema.org\/","@type":"BreadcrumbList","itemListElement":[{"@type":"ListItem","position":1,"name":"V\u00edce m\u00edsta pro \u017eivot","item":"https:\/\/www.ajsa.cz\/vice-mista-pro-zivot\/#breadcrumbitem"}]}]